{"id":1053,"date":"2023-06-15T07:30:46","date_gmt":"2023-06-15T05:30:46","guid":{"rendered":"https:\/\/kolekniewiary.pl\/?p=1053"},"modified":"2023-06-15T07:30:46","modified_gmt":"2023-06-15T05:30:46","slug":"eurocon-2023","status":"publish","type":"post","link":"https:\/\/kolekniewiary.pl\/?p=1053","title":{"rendered":"Eurocon 2023"},"content":{"rendered":"\n<p>Nic nie pisa\u0142em, bogdy\u017c by\u0142em na Euroconie w Uppsalli ;). W telegraficznym skr\u00f3cie: wyjazd super udany. Niekt\u00f3re punkty programu doskona\u0142e \u2013 te o kulturze i literaturze. Niekt\u00f3re swoim poziomem pukaj\u0105ce w drugie dno od spodu (te o erpe\u017ckach). Organizacja conu to fascynuj\u0105ca mieszanka totalnej amatorszczyzny (akredytacja) do wysokiego profesjonalizmu (pilnowanie czasu). Wszystko posypane niesko\u0144czon\u0105 wyrozumia\u0142o\u015bci\u0105 uczestnik\u00f3w. \u015arednia wieku dwa razy wy\u017csza ni\u017c na polskich konwentach.<\/p>\n\n\n\n<!--more-->\n\n\n\n<p>Ob\u017car\u0142em si\u0119 po uszy Kardemummabullar, opi\u0142em kaw\u0105, wracam zadowolony ze stosunkowo niewielk\u0105 ilo\u015bci\u0105 wzi\u0105tek<\/p>\n\n\n\n<ol class=\"wp-block-list\">\n<li>Plakat z podpisem Marthy Wells (wpadli\u015bmy na ni\u0105 przypadkiem w Sztokholmie, plakat przeznaczony do siedziby Avangarda)<\/li>\n\n\n\n<li>Print z podpisem Johana Egerkransa (Go\u015bcia Honorowego konwentu). Mo\u017cecie go kojarzy\u0107 z ilustrowania erpe\u017ck\u00f3w Vaesen i \u015bwie\u017cutkiego Drakar och Demoner. Pono\u0107 na rysunku jest Frey, a nie po prostu rycerz na dziku jak my\u015bla\u0142em, szczeg\u00f3\u0142y. Wylicytowany na aukcji funduszy fanowskich.<\/li>\n\n\n\n<li>Antologia Finlandzkiej weird fiction. Ma absolutnie urocz\u0105 grafik\u0119 po wewn\u0119trznej stronie ok\u0142adki. Ciekawe co w \u015brodku \ud83d\ude42<\/li>\n\n\n\n<li>Antologia Europejskiej science fiction, przygotowana przez Francesco Verso. S\u0142ucha\u0142em na konwencie jego \u015bwietnego wyk\u0142adu o dekolonizacji fantastyki i poznawaniu s\u0105siad\u00f3w. L\u0105duje w kolejce do przeczytania z wysokim priorytetem.<\/li>\n\n\n\n<li>Kolejny Numer A~Zynu &#8211; tym razem po angielsku. Opisuje g\u0142\u00f3wnie polski fandom dla obcokrajowc\u00f3w, wi\u0119c mo\u017ce nie do ko\u0144ca jestem targetem.<\/li>\n\n\n\n<li>Ucieczka z Helsinek \u2014 fanowski przewodnik po mie\u015bcie ze szczeg\u00f3lnym naciskiem na oko\u0142ofantastyczne miejsc\u00f3wki.<\/li>\n<\/ol>\n\n\n\n<p>Wieszam obrazek i wracam do przygotowywania Bazyla! Trzymajcie si\u0119.<\/p>\n","protected":false},"excerpt":{"rendered":"<p>Nic nie pisa\u0142em, bogdy\u017c by\u0142em na Euroconie w Uppsalli ;). W telegraficznym skr\u00f3cie: wyjazd super udany. Niekt\u00f3re punkty programu doskona\u0142e \u2013 te o kulturze i literaturze. Niekt\u00f3re swoim poziomem pukaj\u0105ce w drugie dno od spodu (te o erpe\u017ckach). Organizacja conu to fascynuj\u0105ca mieszanka totalnej amatorszczyzny (akredytacja) do wysokiego profesjonalizmu (pilnowanie czasu). Wszystko posypane niesko\u0144czon\u0105 wyrozumia\u0142o\u015bci\u0105 [&hellip;]<\/p>\n","protected":false},"author":1,"featured_media":1054,"comment_status":"open","ping_status":"open","sticky":false,"template":"","format":"standard","meta":{"footnotes":""},"categories":[3,2],"tags":[9,180],"class_list":["post-1053","post","type-post","status-publish","format-standard","has-post-thumbnail","hentry","category-felietony","category-recenzje","tag-fandom","tag-konwenty"],"_links":{"self":[{"href":"https:\/\/kolekniewiary.pl\/index.php?rest_route=\/wp\/v2\/posts\/1053","targetHints":{"allow":["GET"]}}],"collection":[{"href":"https:\/\/kolekniewiary.pl\/index.php?rest_route=\/wp\/v2\/posts"}],"about":[{"href":"https:\/\/kolekniewiary.pl\/index.php?rest_route=\/wp\/v2\/types\/post"}],"author":[{"embeddable":true,"href":"https:\/\/kolekniewiary.pl\/index.php?rest_route=\/wp\/v2\/users\/1"}],"replies":[{"embeddable":true,"href":"https:\/\/kolekniewiary.pl\/index.php?rest_route=%2Fwp%2Fv2%2Fcomments&post=1053"}],"version-history":[{"count":1,"href":"https:\/\/kolekniewiary.pl\/index.php?rest_route=\/wp\/v2\/posts\/1053\/revisions"}],"predecessor-version":[{"id":1055,"href":"https:\/\/kolekniewiary.pl\/index.php?rest_route=\/wp\/v2\/posts\/1053\/revisions\/1055"}],"wp:featuredmedia":[{"embeddable":true,"href":"https:\/\/kolekniewiary.pl\/index.php?rest_route=\/wp\/v2\/media\/1054"}],"wp:attachment":[{"href":"https:\/\/kolekniewiary.pl\/index.php?rest_route=%2Fwp%2Fv2%2Fmedia&parent=1053"}],"wp:term":[{"taxonomy":"category","embeddable":true,"href":"https:\/\/kolekniewiary.pl\/index.php?rest_route=%2Fwp%2Fv2%2Fcategories&post=1053"},{"taxonomy":"post_tag","embeddable":true,"href":"https:\/\/kolekniewiary.pl\/index.php?rest_route=%2Fwp%2Fv2%2Ftags&post=1053"}],"curies":[{"name":"wp","href":"https:\/\/api.w.org\/{rel}","templated":true}]}}