{"id":1373,"date":"2025-11-01T19:34:11","date_gmt":"2025-11-01T18:34:11","guid":{"rendered":"https:\/\/kolekniewiary.pl\/?p=1373"},"modified":"2025-11-01T19:37:31","modified_gmt":"2025-11-01T18:37:31","slug":"zimowy-kruk-nierecenzja","status":"publish","type":"post","link":"https:\/\/kolekniewiary.pl\/?p=1373","title":{"rendered":"Zimowy Kruk \u2013 nierecenzja"},"content":{"rendered":"\n<p>Nie mog\u0119 napisa\u0107 klasycznej recenzji Zimowego numeru Bia\u0142ego Kruka. Z oczywistych powod\u00f3w. Jestem z nim emocjonalnie zwi\u0105zany, bo w ko\u0144cu jest tam w \u015brodku m\u00f3j debiut. Poniewa\u017c z g\u00f3ry wiadomo, \u017ce taki zbi\u00f3r opowiada\u0144 mog\u0119 tylko chwali\u0107, postanowi\u0142em wy\u0142\u0105czy\u0107 wszystkie hamulce i ka\u017cdemu z tekst\u00f3w przyzna\u0107 nagrod\u0119*. A co.<\/p>\n\n\n\n<!--more-->\n\n\n\n<h3 class=\"wp-block-heading\">Era czterech s\u0142o\u0144c, Barbara Uzna\u0144ska-Loch<\/h3>\n\n\n\n<p>Nagrod\u0119 im. Lorda Jima dla najlepszych dylemat\u00f3w moralnych na statku otrzymuje \u201eEra Czterech s\u0142o\u0144c\u201d. Jest co\u015b zwodniczo prometejskiego w tej historii o desperacji przywodz\u0105cej si\u0119 do targni\u0119cia si\u0119 na s\u0142o\u0144ce, \u017ceby wydrze\u0107 mu j\u0105drowe paliwo. Ten frostpunk na nuklearnym lodo\u0142amaczu to historia nieco chaotyczna (wyrzuci\u0142bym precz ca\u0142y w\u0105tek polowania), ale przedstawiaj\u0105ca ciekawe dylematy balansuj\u0105ce przysz\u0142e ryzyka. Dialogi mog\u0142yby by\u0107 kr\u00f3tsze, bardziej \u017cywe.<\/p>\n\n\n\n<h3 class=\"wp-block-heading\">Obelisk, Bart\u0142omiej Kudelski<\/h3>\n\n\n\n<p>Krasnoludzkim Orderem im. Thr\u00f3ra (pierwszej klasy) dla najlepszego tekstu o konsekwencjach kopania za g\u0142\u0119boko nagrodzimy opowiadanie \u201eObelisk\u201d. G\u0119sta i intensywna histori\u0105 o lodowych g\u00f3rnikach szukaj\u0105cych artefaktu z dawnego \u015bwiata. Podoba mi si\u0119 lekko zarysowany \u015bwiat i du\u017co niedopowiedze\u0144.<\/p>\n\n\n\n<h3 class=\"wp-block-heading\">Ostatnia Zima<\/h3>\n\n\n\n<p>To m\u00f3j tekst \ud83d\ude42 siedz\u0119 cicho i licz\u0119 \u017ce przeczytacie przy okazji.<\/p>\n\n\n\n<h3 class=\"wp-block-heading\">Ostatnie pi\u0119tro, Jakub Chilimo\u0144czyk<\/h3>\n\n\n\n<p>Nagrod\u0119 imienia Osio\u0142ka, Kt\u00f3remu Dano dla najbardziej niezdecydowanego tekstu dostaje \u201eOstatnie Pi\u0119tro\u201d. Pokazanie resztek kultury korporacyjnej we frostpunkowej przysz\u0142o\u015bci to bardzo odwa\u017cny i \u015bwietnie zrealizowany pomys\u0142. Naprawd\u0119 \u015bwietnie wykorzystano technologiczne i korporacyjne tropy przy opisie w\u0119dr\u00f3wki przez pi\u0119tra zamarzaj\u0105cego wie\u017cowca. Problem w tym, \u017ce ten tekst nie mo\u017ce si\u0119 zdecydowa\u0107. Ca\u0142y czas balansuje gdzie\u015b w po\u0142owie realistycznego opisu spo\u0142ecze\u0144stwa wie\u017cowca (i tu failuje) a alegoryczno- fantastycznym opisem podr\u00f3\u017cy (jak w \u201eBajce o tr\u00f3jce\u201d Strugackich) i tu jest za ma\u0142o odwa\u017cny. Niemniej jednak bardzo ciekawy tekst.<\/p>\n\n\n\n<h3 class=\"wp-block-heading\">\u017barnik, Daniel Szczepankiewicz&nbsp;<\/h3>\n\n\n\n<p>Krzy\u017c im. Ziemii Obiecanej z D\u0119bowymi Li\u015b\u0107mi za najlepsze przeniesienie tekstu kultury na inne medium dostaje \u201e\u017barnik\u201d. Tekst chyba najbli\u017cszy duchowi komputerowego Frostpunka. Jedzie po bandzie, opowiadaj\u0105c o trudnych moralnych wyborach w walce spo\u0142eczno\u015bci o przetrwanie. Zgodnie z Hitchcockowsk\u0105 zasad\u0105 zaczynamy od pos\u0142ania dzieci do kopal\u0144, a potem napi\u0119cie ro\u015bnie. Fajnie sprawdza si\u0119 przeniesienie \u015bwiata w zawsze popularny u nas setting carskiej Rosji. Porz\u0105dny trzymaj\u0105cy w napi\u0119ciu tekst, kt\u00f3rym bardzo trudno by\u0142o mi si\u0119 cieszy\u0107, z powodu tego, jak bardzo stereotypicznie antysemicko jest tu przedstawiona jedna z postaci.<\/p>\n\n\n\n<h3 class=\"wp-block-heading\">Niewdzi\u0119cznik Agnieszka \u017bak<\/h3>\n\n\n\n<p>Nagrode imienia Wicehrabiego de Lettenhove dla najlepszego opisania polowania na potwory dostaje \u201eNiewdzi\u0119cznik\u201d. Tekst b\u0142yszczy bardzo fajnie oddanym settingiem \u0142owc\u00f3w zbieraczy z dalekiej p\u00f3\u0142nocy. Cho\u0107 intryga nie jest nadmiernie skomplikowana, to daje wybrzmie\u0107 emocjom. Zbudowany wok\u00f3\u0142 relacji z nadprzyrodzonym tekst zostawia nas z porz\u0105dnym s\u0142odko-gorzkim zako\u0144czeniem.<\/p>\n\n\n\n<h3 class=\"wp-block-heading\">Uro\u017aliwa pani, Dariusz Sprenglowski<\/h3>\n\n\n\n<p>Najwy\u017csze odznaczenie klanu Salubrii, z podw\u00f3jnymi k\u0142ami za najlepsze opisanie dylemat\u00f3w wampirzo-cz\u0142owieczych przyznajemy \u201eUro\u017aliwej pani&#8221;. Ten fanfic drakuli zachwyca dok\u0142adnym researchem I rozbuchanym j\u0119zykiem. Skupia si\u0119 na historii Lucy miedzy jej przemienieniem a ko\u0144cem I jej pr\u00f3bach zachowania resztek cz\u0142owiecze\u0144stwa.<\/p>\n\n\n\n<h3 class=\"wp-block-heading\">Mi\u0142o\u015b\u0107, Monika Sochaj<\/h3>\n\n\n\n<p>Medal im Hansa Christiana Andersena za najciekawsze nawi\u0105zanie do ba\u015bni dostaje Mi\u0142o\u015b\u0107. To te\u017c historia o tym, co zrobimy, \u017ceby prze\u017cy\u0107 wobec nieust\u0119puj\u0105cej zimy, ale w przeciwie\u0144stwie do wcze\u015bniejszych bardziej kameralna, dotycz\u0105ca pojedynczego cz\u0142owieka I jego traumatycznych do\u015bwiadcze\u0144. Troch\u0119 rozbiegana, ale napisana na tyle dobrze \u017ceby lekko szczypa\u0107 w dusz\u0119. Fajny setting zahaczaj\u0105cy o to, co erpeg\u00f3wku nazywamy rusa\u0142kapunkiem.<\/p>\n\n\n\n<p>Drukowany Zimowy kruk b\u0119dzie dost\u0119pny na dniach w sklepie wydawnictwa IX. Wersja elektroniczna jest ca\u0142y czas do pobrania za darmo tutaj:<\/p>\n\n\n\n<div class=\"wp-block-buttons is-layout-flex wp-block-buttons-is-layout-flex\">\n<div class=\"wp-block-button\"><a class=\"wp-block-button__link wp-element-button\">Pobierz<\/a><\/div>\n<\/div>\n\n\n\n<p>*Oidp podpatrzy\u0142em t\u0105 formu\u0142\u0119 u zpopz<\/p>\n","protected":false},"excerpt":{"rendered":"<p>Nie mog\u0119 napisa\u0107 klasycznej recenzji Zimowego numeru Bia\u0142ego Kruka. Z oczywistych powod\u00f3w. Jestem z nim emocjonalnie zwi\u0105zany, bo w ko\u0144cu jest tam w \u015brodku m\u00f3j debiut. Poniewa\u017c z g\u00f3ry wiadomo, \u017ce taki zbi\u00f3r opowiada\u0144 mog\u0119 tylko chwali\u0107, postanowi\u0142em wy\u0142\u0105czy\u0107 wszystkie hamulce i ka\u017cdemu z tekst\u00f3w przyzna\u0107 nagrod\u0119*. A co.<\/p>\n","protected":false},"author":1,"featured_media":1374,"comment_status":"open","ping_status":"open","sticky":false,"template":"","format":"standard","meta":{"footnotes":""},"categories":[219,2],"tags":[],"class_list":["post-1373","post","type-post","status-publish","format-standard","has-post-thumbnail","hentry","category-proza","category-recenzje"],"_links":{"self":[{"href":"https:\/\/kolekniewiary.pl\/index.php?rest_route=\/wp\/v2\/posts\/1373","targetHints":{"allow":["GET"]}}],"collection":[{"href":"https:\/\/kolekniewiary.pl\/index.php?rest_route=\/wp\/v2\/posts"}],"about":[{"href":"https:\/\/kolekniewiary.pl\/index.php?rest_route=\/wp\/v2\/types\/post"}],"author":[{"embeddable":true,"href":"https:\/\/kolekniewiary.pl\/index.php?rest_route=\/wp\/v2\/users\/1"}],"replies":[{"embeddable":true,"href":"https:\/\/kolekniewiary.pl\/index.php?rest_route=%2Fwp%2Fv2%2Fcomments&post=1373"}],"version-history":[{"count":2,"href":"https:\/\/kolekniewiary.pl\/index.php?rest_route=\/wp\/v2\/posts\/1373\/revisions"}],"predecessor-version":[{"id":1376,"href":"https:\/\/kolekniewiary.pl\/index.php?rest_route=\/wp\/v2\/posts\/1373\/revisions\/1376"}],"wp:featuredmedia":[{"embeddable":true,"href":"https:\/\/kolekniewiary.pl\/index.php?rest_route=\/wp\/v2\/media\/1374"}],"wp:attachment":[{"href":"https:\/\/kolekniewiary.pl\/index.php?rest_route=%2Fwp%2Fv2%2Fmedia&parent=1373"}],"wp:term":[{"taxonomy":"category","embeddable":true,"href":"https:\/\/kolekniewiary.pl\/index.php?rest_route=%2Fwp%2Fv2%2Fcategories&post=1373"},{"taxonomy":"post_tag","embeddable":true,"href":"https:\/\/kolekniewiary.pl\/index.php?rest_route=%2Fwp%2Fv2%2Ftags&post=1373"}],"curies":[{"name":"wp","href":"https:\/\/api.w.org\/{rel}","templated":true}]}}