{"id":157,"date":"2020-06-18T00:45:00","date_gmt":"2020-06-18T00:45:00","guid":{"rendered":"https:\/\/kolekniewiary.pl\/?p=157"},"modified":"2020-12-08T00:49:25","modified_gmt":"2020-12-08T00:49:25","slug":"erpegi-i-polityka","status":"publish","type":"post","link":"https:\/\/kolekniewiary.pl\/?p=157","title":{"rendered":"Erpegi i polityka"},"content":{"rendered":"\n<p>Jak zdarzy\u0142o ju\u017c mi si\u0119 wspomnie\u0107, nale\u017c\u0119 do stowarzyszenia\u00a0<a href=\"https:\/\/www.facebook.com\/Stowarzyszenie.Avangarda\/?__tn__=K-R&amp;eid=ARARDfUm_fzsp_oZ2GQCEIpC6KgHmVvoGyKO5S7FwsOJqWW6SL96efTl3xg5_yHl3N00TIjyGUO7KQ0e&amp;fref=mentions&amp;__xts__%5B0%5D=68.ARCX5Ty-wgZvvhsmYmWfYgkkRLPbxlLzZJEcDw2W_ujGZKoZGELjoJY__0QUzckAf6-Wwb2VFcXM3oraIGnJdypt1EaboVeckdG-qSh_zP0GnnZppug0MweRYAyBxMSARG9dwSfAUe7VhgY6xy3L_66wSG0GEpmpMvvveeGSE7U73ByHh1JLi-8mJhFSpLL-zZ7ZF52yBaeA5Kskv-DBS-D3jZdIIbMPTYcMEPPg9cPcorcjMsiybmG3-MVqfbQmbUWHq31AxnSF-6Xebw3DRRb7K8DPYoPwNDWUOnYFVEFSJTQkTP3Mrl0B4C7thtbOAMovOt4d_GAri3RN4u2ldnw\">Avangarda<\/a>. W ostatnich dniach ustawili\u015bmy sobie t\u0119czowego awatara na fejsiku. Wywo\u0142a\u0142o to oburzing i dyskusj\u0119, w kt\u00f3rej cz\u0119sto powtarza\u0142 si\u0119 postulat: \u201enie r\u00f3bcie polityki, jeste\u015bcie od zajmowania si\u0119 fantastyk\u0105\u201d. Tyle \u017ce fantastyka (i erpegi) s\u0105, by\u0142y i b\u0119d\u0105 polityczne.<\/p>\n\n\n\n<!--more-->\n\n\n\n<p>Najpierw deklaracja: Pokazanie, tym na kt\u00f3rych trwa nagonka \u2013 \u201eJeste\u015bcie u nas mile widziani, jeste\u015bmy otwarci na wszystkich\u201d \u2013 to nie polityka, ani&nbsp;ideologia \u2013 to zwyk\u0142a przyzwoito\u015b\u0107.<\/p>\n\n\n\n<p>No dobrze, ale mo\u017ce zajmiecie si\u0119 teraz fantastyk\u0105? Prosz\u0119 bardzo: w fantastyce polityczne i \u015bwiatopogl\u0105dowe tematy by\u0142y obecne od pocz\u0105tku. Je\u017celi trzy g\u0142upie i z\u0142e trolle m\u00f3wi\u0105 cockneyem (j\u0119zykiem klasy robotniczej), to jest to deklaracja polityczna. Ostatnio czytam sobie ponownie seri\u0119 o Honor Harrington i widz\u0119, jak bardzo jest to neoliberalnym manifestem. A przy tym doskona\u0142ym czytad\u0142em. O erze Hyboryjskiej i Lovecrafcie nawet nie b\u0119d\u0119 wspomina\u0142.<\/p>\n\n\n\n<p>No dobrze, ale co to ma wsp\u00f3lnego z erpe\u017ckami? Przecie\u017c u nas polityki nie ma. Tyle \u017ce jest. Spr\u00f3bujcie zagra\u0107 w \u201eThe spire\u201d, \u201eRed markets\u201d, \u201eComrades\u201d czy \u201eThe Watch\u201d bez polityki. Te i wiele innych tytu\u0142\u00f3w maj\u0105 wyra\u017any lejtmotyw. Zapraszaj\u0105 nas do wsp\u00f3\u0142tworzenia historii opartej wok\u00f3\u0142 niego i najprawdopodobniej b\u0119dzie to historia polityczna.<\/p>\n\n\n\n<p>No dobrze, ale my chcemy tylko chodzi\u0107 po lochu i mordowa\u0107 potwory. Zabierz sobie swoje indiasy. W mainstreamie nie ma polityki. \u2013 naprawde? Tworz\u0105c dowolnie fantastyczny \u015bwiat, cz\u0119sto nawet nie\u015bwiadomie umieszczamy w nim nasze pogl\u0105dy i do\u015bwiadczenia.<\/p>\n\n\n\n<p>Cyberpunk i Shadowrun to \u015bwiaty, w kt\u00f3rych pa\u0144stwa upad\u0142y, a gracze jak szczury chowaj\u0105 si\u0119 przed wszechw\u0142adnymi korporacjami i prywatn\u0105 policj\u0105. Je\u017celi to nie jest polityczna wizja przysz\u0142o\u015bci, to ja nie wiem. W DnD ka\u017cdy p\u00f3\u0142ork dostaje +2 do Kondycji \u2013 jest to jaka\u015b forma stereotypizacji. Je\u017celi przyjmiemy, \u017ce ka\u017cdy krasnolud \u017c\u0142opie piwo i nienawidzi elf\u00f3w, to \u0142atwiej nam b\u0119dzie, uwierzy\u0107, \u017ce \u201eka\u017cdy Polak kradnie samochody\u201d. To te\u017c jest \u201epolityczne\u201d.<\/p>\n\n\n\n<p>Je\u017celi ilustracje w podr\u0119czniku pokazuj\u0105 samych bia\u0142ych facet\u00f3w to wszystko w porz\u0105dku, a jak nagle mamy czarnosk\u00f3re Nizio\u0142ki i kobiety paladyn\u00f3w to jest to ju\u017c \u201epolityczne\u201d.<\/p>\n\n\n\n<p>Je\u017celi ca\u0142y WH40K to opowie\u015b\u0107 o tym, \u017ce niezale\u017cne my\u015blenie (HEREZJA!) jest niebezpieczne, to wszystko jest w porz\u0105dku, ale jak mamy erpega o walce o niezale\u017cno\u015b\u0107 (Comrades) to jest to ju\u017c \u201epolityczne\u201d, to zaczynamy widzie\u0107 pewien wzorzec.<\/p>\n\n\n\n<p>Koncepcja \u201er\u00f3bcie fantastyk\u0119\/erpe\u017cki nie polityk\u0119\u201d \u2013 jest bez sensu. RPG-i i fantastyka s\u0105 polityczne do szpiku ko\u015bci. Zarzuty o \u201epolityczno\u015b\u0107\u201d zazwyczaj s\u0105 m\u0142otkiem na to, co akurat nie pasuje zarzucaj\u0105cemu i cz\u0119sto narusza wygodny dla niego status quo. A fantastyka jest od tego, \u017ceby wyobra\u017ca\u0107 sobie co\u015b wi\u0119cej i kwestionowa\u0107 zastany \u015bwiat.<\/p>\n","protected":false},"excerpt":{"rendered":"<p>Jak zdarzy\u0142o ju\u017c mi si\u0119 wspomnie\u0107, nale\u017c\u0119 do stowarzyszenia\u00a0Avangarda. W ostatnich dniach ustawili\u015bmy sobie t\u0119czowego awatara na fejsiku. Wywo\u0142a\u0142o to oburzing i dyskusj\u0119, w kt\u00f3rej cz\u0119sto powtarza\u0142 si\u0119 postulat: \u201enie r\u00f3bcie polityki, jeste\u015bcie od zajmowania si\u0119 fantastyk\u0105\u201d. Tyle \u017ce fantastyka (i erpegi) s\u0105, by\u0142y i b\u0119d\u0105 polityczne.<\/p>\n","protected":false},"author":1,"featured_media":158,"comment_status":"open","ping_status":"open","sticky":false,"template":"","format":"standard","meta":{"footnotes":""},"categories":[3],"tags":[31],"class_list":["post-157","post","type-post","status-publish","format-standard","has-post-thumbnail","hentry","category-felietony","tag-lewactwo"],"_links":{"self":[{"href":"https:\/\/kolekniewiary.pl\/index.php?rest_route=\/wp\/v2\/posts\/157","targetHints":{"allow":["GET"]}}],"collection":[{"href":"https:\/\/kolekniewiary.pl\/index.php?rest_route=\/wp\/v2\/posts"}],"about":[{"href":"https:\/\/kolekniewiary.pl\/index.php?rest_route=\/wp\/v2\/types\/post"}],"author":[{"embeddable":true,"href":"https:\/\/kolekniewiary.pl\/index.php?rest_route=\/wp\/v2\/users\/1"}],"replies":[{"embeddable":true,"href":"https:\/\/kolekniewiary.pl\/index.php?rest_route=%2Fwp%2Fv2%2Fcomments&post=157"}],"version-history":[{"count":1,"href":"https:\/\/kolekniewiary.pl\/index.php?rest_route=\/wp\/v2\/posts\/157\/revisions"}],"predecessor-version":[{"id":159,"href":"https:\/\/kolekniewiary.pl\/index.php?rest_route=\/wp\/v2\/posts\/157\/revisions\/159"}],"wp:featuredmedia":[{"embeddable":true,"href":"https:\/\/kolekniewiary.pl\/index.php?rest_route=\/wp\/v2\/media\/158"}],"wp:attachment":[{"href":"https:\/\/kolekniewiary.pl\/index.php?rest_route=%2Fwp%2Fv2%2Fmedia&parent=157"}],"wp:term":[{"taxonomy":"category","embeddable":true,"href":"https:\/\/kolekniewiary.pl\/index.php?rest_route=%2Fwp%2Fv2%2Fcategories&post=157"},{"taxonomy":"post_tag","embeddable":true,"href":"https:\/\/kolekniewiary.pl\/index.php?rest_route=%2Fwp%2Fv2%2Ftags&post=157"}],"curies":[{"name":"wp","href":"https:\/\/api.w.org\/{rel}","templated":true}]}}