{"id":343,"date":"2019-09-11T13:06:00","date_gmt":"2019-09-11T13:06:00","guid":{"rendered":"https:\/\/kolekniewiary.pl\/?p=343"},"modified":"2020-12-17T13:07:09","modified_gmt":"2020-12-17T13:07:09","slug":"copernicon-2019","status":"publish","type":"post","link":"https:\/\/kolekniewiary.pl\/?p=343","title":{"rendered":"Copernicon 2019"},"content":{"rendered":"\n<p>Jad\u0119 do Torunia! Zesz\u0142oroczna edycja urzek\u0142a mnie tak bardzo, \u017ce i tak chcia\u0142em jecha\u0107. A zaanga\u017cowanie w konkurs Quentin tylko utwierdzi\u0142o mnie w tym zamiarze.\u00a0<a href=\"https:\/\/www.facebook.com\/events\/411060506347462\/?acontext=%7B%22source%22%3A3%2C%22source_newsfeed_story_type%22%3A%22regular%22%2C%22action_history%22%3A%22%5B%7B%5C%22surface%5C%22%3A%5C%22newsfeed%5C%22%2C%5C%22mechanism%5C%22%3A%5C%22feed_story%5C%22%2C%5C%22extra_data%5C%22%3A%5B%5D%7D%5D%22%2C%22has_source%22%3Atrue%7D&amp;source=3&amp;source_newsfeed_story_type=regular&amp;action_history=%5B%7B%22surface%22%3A%22newsfeed%22%2C%22mechanism%22%3A%22feed_story%22%2C%22extra_data%22%3A%5B%5D%7D%5D&amp;has_source=1&amp;__tn__=K-R&amp;eid=ARCwZentfbu3TaoIoksFAgDN95O0PXNbFAZ8du-VevViLM7Q3Pj1ZW0Xb2HM79RiGssrEOC6z_i8yZjL&amp;fref=mentions&amp;__xts__%5B0%5D=68.ARBw3pvBGRU1ACAYmlQiu2V5uQCbGY8SsAYYJ9-DdaAzo3fxQ8yuBiRcOaNVGEDjcpD0r6O7xlqKLHLxykzvOqaQPTfcQvzX8w28EY8ABKcMpVtVBbkvAk-Wjs0PMgBs86C98g59VuVPWuvYHHowhAsKyhwljDD5iS8zwUEZL2ozl6om7Jb_fnK8P2HAUchEqkOvRVJmXjrGqettfHDEt70d2GDPOp0jaBzoGGV10zoDDxptfz8R0raCSerg5drlnjqjmwg0KNNgru5sMBqALasgiF5D_Hxa1BdLix0AdikUoP11cu8JFpN-ZrrKCp-AtPQFDufxBmgrd9KFXWzzdO4\">Copernicon 2019<\/a>\u00a0jest wyj\u0105tkowy m.in. dlatego, \u017ce wida\u0107, \u017ce miasto nim \u017cyje. Przez to, \u017ce jest rozrzucony po r\u00f3\u017cnych punktach star\u00f3wki, Cz\u0142owiek idzie ulic\u0105 i czuje, \u017ce fantastyka opanowa\u0142o to miasto. Co chwil\u0119 spotka kogo\u015b znajomego albo mini\u0119 cosplayer\u00f3w, albo gigantycznego pusheena. Przestrze\u0144 festiwalowa przenika si\u0119 z miejsk\u0105.<\/p>\n\n\n\n<!--more-->\n\n\n\n<p>M\u00f3j konwentowy gryplan:<br>W pi\u0105tek b\u0119d\u0119 siedzia\u0142 na prelekcjach popularnonaukowych, by na koniec trafi\u0107 na&nbsp;<a href=\"https:\/\/www.facebook.com\/groups\/1736933679943822\/?fref=mentions&amp;__xts__%5B0%5D=68.ARBw3pvBGRU1ACAYmlQiu2V5uQCbGY8SsAYYJ9-DdaAzo3fxQ8yuBiRcOaNVGEDjcpD0r6O7xlqKLHLxykzvOqaQPTfcQvzX8w28EY8ABKcMpVtVBbkvAk-Wjs0PMgBs86C98g59VuVPWuvYHHowhAsKyhwljDD5iS8zwUEZL2ozl6om7Jb_fnK8P2HAUchEqkOvRVJmXjrGqettfHDEt70d2GDPOp0jaBzoGGV10zoDDxptfz8R0raCSerg5drlnjqjmwg0KNNgru5sMBqALasgiF5D_Hxa1BdLix0AdikUoP11cu8JFpN-ZrrKCp-AtPQFDufxBmgrd9KFXWzzdO4&amp;__tn__=K-R\">Porozmawiajmy o RPG<\/a>. W sobot\u0119 b\u0119d\u0119 czai\u0142 si\u0119 na prelekcj\u0119 o klimacie na sesjach i na &#8222;Wymagaj\u0105ce i ekscytuj\u0105ce spotkania w 5 edycji Dungeons and Dragons&#8221;. Poza tym pewno wpadn\u0119 na gal\u0119 Coperniconu. Cho\u0107 zrobienie jej w sobot\u0119 o 18 to moim zdaniem s\u0142aby pomys\u0142. W niedziel\u0119 wbij\u0119 na omawianie prac z XXI edycji&nbsp;<a href=\"https:\/\/www.facebook.com\/QuentinRPG\/?__tn__=K-R&amp;eid=ARDM2JqgG3v7JLmq90dXdZrQ00YKxdRR3Zsj69UBZeMAc52y5VgZu0fk5EkPi2A2Z4k-MrQGUA6jMSJY&amp;fref=mentions&amp;__xts__%5B0%5D=68.ARBw3pvBGRU1ACAYmlQiu2V5uQCbGY8SsAYYJ9-DdaAzo3fxQ8yuBiRcOaNVGEDjcpD0r6O7xlqKLHLxykzvOqaQPTfcQvzX8w28EY8ABKcMpVtVBbkvAk-Wjs0PMgBs86C98g59VuVPWuvYHHowhAsKyhwljDD5iS8zwUEZL2ozl6om7Jb_fnK8P2HAUchEqkOvRVJmXjrGqettfHDEt70d2GDPOp0jaBzoGGV10zoDDxptfz8R0raCSerg5drlnjqjmwg0KNNgru5sMBqALasgiF5D_Hxa1BdLix0AdikUoP11cu8JFpN-ZrrKCp-AtPQFDufxBmgrd9KFXWzzdO4\">Konkurs Quentin<\/a>.<br>W wolnych chwilach zamierzam si\u0119 socjalizowa\u0107, snu\u0107 po star\u00f3wce i jak si\u0142 wystarczy wbi\u0107 na jak\u0105\u015b sesje, ale spokojnie bez spinki i ci\u015bnienia. Jakby kto\u015b chcia\u0142 si\u0119 spotka\u0107 i pogada\u0107 o scenariuszach i erpe\u017ckach, niech si\u0119 odezwie.<\/p>\n\n\n\n<p>Przypominam te\u017c o mo\u017cliwo\u015bci zagrania w scenariusze z tegorocznej edycji Quentina:<br>Poza prawem w niedziele o 12.00 w sali RPG 15.<br>Odkupienie w sobot\u0119 o 09.00 w sali RPG 11.<\/p>\n\n\n\n<p>Zdj\u0119cie: Jan Matejko \u2013 domena publiczna.<\/p>\n","protected":false},"excerpt":{"rendered":"<p>Jad\u0119 do Torunia! Zesz\u0142oroczna edycja urzek\u0142a mnie tak bardzo, \u017ce i tak chcia\u0142em jecha\u0107. A zaanga\u017cowanie w konkurs Quentin tylko utwierdzi\u0142o mnie w tym zamiarze.\u00a0Copernicon 2019\u00a0jest wyj\u0105tkowy m.in. dlatego, \u017ce wida\u0107, \u017ce miasto nim \u017cyje. Przez to, \u017ce jest rozrzucony po r\u00f3\u017cnych punktach star\u00f3wki, Cz\u0142owiek idzie ulic\u0105 i czuje, \u017ce fantastyka opanowa\u0142o to miasto. Co [&hellip;]<\/p>\n","protected":false},"author":1,"featured_media":344,"comment_status":"open","ping_status":"open","sticky":false,"template":"","format":"standard","meta":{"footnotes":""},"categories":[3],"tags":[72,39,17],"class_list":["post-343","post","type-post","status-publish","format-standard","has-post-thumbnail","hentry","category-felietony","tag-konwent","tag-meta","tag-quentin"],"_links":{"self":[{"href":"https:\/\/kolekniewiary.pl\/index.php?rest_route=\/wp\/v2\/posts\/343","targetHints":{"allow":["GET"]}}],"collection":[{"href":"https:\/\/kolekniewiary.pl\/index.php?rest_route=\/wp\/v2\/posts"}],"about":[{"href":"https:\/\/kolekniewiary.pl\/index.php?rest_route=\/wp\/v2\/types\/post"}],"author":[{"embeddable":true,"href":"https:\/\/kolekniewiary.pl\/index.php?rest_route=\/wp\/v2\/users\/1"}],"replies":[{"embeddable":true,"href":"https:\/\/kolekniewiary.pl\/index.php?rest_route=%2Fwp%2Fv2%2Fcomments&post=343"}],"version-history":[{"count":1,"href":"https:\/\/kolekniewiary.pl\/index.php?rest_route=\/wp\/v2\/posts\/343\/revisions"}],"predecessor-version":[{"id":345,"href":"https:\/\/kolekniewiary.pl\/index.php?rest_route=\/wp\/v2\/posts\/343\/revisions\/345"}],"wp:featuredmedia":[{"embeddable":true,"href":"https:\/\/kolekniewiary.pl\/index.php?rest_route=\/wp\/v2\/media\/344"}],"wp:attachment":[{"href":"https:\/\/kolekniewiary.pl\/index.php?rest_route=%2Fwp%2Fv2%2Fmedia&parent=343"}],"wp:term":[{"taxonomy":"category","embeddable":true,"href":"https:\/\/kolekniewiary.pl\/index.php?rest_route=%2Fwp%2Fv2%2Fcategories&post=343"},{"taxonomy":"post_tag","embeddable":true,"href":"https:\/\/kolekniewiary.pl\/index.php?rest_route=%2Fwp%2Fv2%2Ftags&post=343"}],"curies":[{"name":"wp","href":"https:\/\/api.w.org\/{rel}","templated":true}]}}