{"id":94,"date":"2020-08-23T17:56:00","date_gmt":"2020-08-23T17:56:00","guid":{"rendered":"https:\/\/kolekniewiary.pl\/?p=94"},"modified":"2020-12-06T17:59:00","modified_gmt":"2020-12-06T17:59:00","slug":"rok-wiszenia-na-kolku","status":"publish","type":"post","link":"https:\/\/kolekniewiary.pl\/?p=94","title":{"rendered":"Rok wiszenia na ko\u0142ku"},"content":{"rendered":"\n<p>Drodzy! p.t. czytelnicy i komcionauci! Po\u0142owy z was nie znam ani w po\u0142owie tak dobrze, jak chcia\u0142bym pozna\u0107, i mniej ni\u017c po\u0142ow\u0119 z was lubi\u0119 w po\u0142owie tak dobrze, jak na to zas\u0142ugujecie. Czyli m\u00f3wi\u0105c kr\u00f3tko, Ko\u0142ek Niewiary ma urodziny.<\/p>\n\n\n\n<!--more-->\n\n\n\n<p>Za\u0142o\u017cy\u0142em ten f\u0105p\u0105\u017c r\u00f3wno rok temu, \u017ceby mie\u0107 przestrze\u0144 do pisania o erpegach. Ku mojemu zdumieniu udaje mi si\u0119 to do dzi\u015b. To chyba najd\u0142u\u017csza z r\u00f3\u017cnych moich dzia\u0142alno\u015bci internetowych, kt\u00f3re zazwyczaj umiera\u0142y b\u0142yskawicznie z powodu s\u0142omianego zapa\u0142u.<\/p>\n\n\n\n<p>Jest mi niesamowicie mi\u0142o, \u017ce ktokolwiek to czyta i czasem nawet skomentuje. Na razie zamierzam pisa\u0107 dalej, zobaczymy czy wytrzymam kolejny rok. Na razie troch\u0119 tuninguje formu\u0142\u0119. Cz\u0119\u015bciej b\u0119d\u0105 pojawia\u0107 si\u0119 jakie\u015b teksty typu felietonistyczno-poradnikowego.<\/p>\n\n\n\n<p>To te\u017c dobry moment, \u017ceby si\u0119 was zapyta\u0107, jakie materia\u0142y was interesuj\u0105. Powiedzcie, o czym chcieliby\u015bcie przeczyta\u0107? Oczywi\u015bcie w granicach rozs\u0105dku, nie zaczn\u0119 nagle pisa\u0107 o pi\u0119ciu zastosowaniach \u015bwieczek immersji, czy jak najlepiej odgrywa\u0107 krasnoluda.<\/p>\n\n\n\n<p>Dzi\u0119ki za dobry rok!<\/p>\n\n\n\n<p>Zdj\u0119cie: Bru-nO \u2013 pixabay<\/p>\n","protected":false},"excerpt":{"rendered":"<p>Drodzy! p.t. czytelnicy i komcionauci! Po\u0142owy z was nie znam ani w po\u0142owie tak dobrze, jak chcia\u0142bym pozna\u0107, i mniej ni\u017c po\u0142ow\u0119 z was lubi\u0119 w po\u0142owie tak dobrze, jak na to zas\u0142ugujecie. Czyli m\u00f3wi\u0105c kr\u00f3tko, Ko\u0142ek Niewiary ma urodziny.<\/p>\n","protected":false},"author":1,"featured_media":95,"comment_status":"open","ping_status":"open","sticky":false,"template":"","format":"standard","meta":{"footnotes":""},"categories":[3],"tags":[39],"class_list":["post-94","post","type-post","status-publish","format-standard","has-post-thumbnail","hentry","category-felietony","tag-meta"],"_links":{"self":[{"href":"https:\/\/kolekniewiary.pl\/index.php?rest_route=\/wp\/v2\/posts\/94","targetHints":{"allow":["GET"]}}],"collection":[{"href":"https:\/\/kolekniewiary.pl\/index.php?rest_route=\/wp\/v2\/posts"}],"about":[{"href":"https:\/\/kolekniewiary.pl\/index.php?rest_route=\/wp\/v2\/types\/post"}],"author":[{"embeddable":true,"href":"https:\/\/kolekniewiary.pl\/index.php?rest_route=\/wp\/v2\/users\/1"}],"replies":[{"embeddable":true,"href":"https:\/\/kolekniewiary.pl\/index.php?rest_route=%2Fwp%2Fv2%2Fcomments&post=94"}],"version-history":[{"count":1,"href":"https:\/\/kolekniewiary.pl\/index.php?rest_route=\/wp\/v2\/posts\/94\/revisions"}],"predecessor-version":[{"id":96,"href":"https:\/\/kolekniewiary.pl\/index.php?rest_route=\/wp\/v2\/posts\/94\/revisions\/96"}],"wp:featuredmedia":[{"embeddable":true,"href":"https:\/\/kolekniewiary.pl\/index.php?rest_route=\/wp\/v2\/media\/95"}],"wp:attachment":[{"href":"https:\/\/kolekniewiary.pl\/index.php?rest_route=%2Fwp%2Fv2%2Fmedia&parent=94"}],"wp:term":[{"taxonomy":"category","embeddable":true,"href":"https:\/\/kolekniewiary.pl\/index.php?rest_route=%2Fwp%2Fv2%2Fcategories&post=94"},{"taxonomy":"post_tag","embeddable":true,"href":"https:\/\/kolekniewiary.pl\/index.php?rest_route=%2Fwp%2Fv2%2Ftags&post=94"}],"curies":[{"name":"wp","href":"https:\/\/api.w.org\/{rel}","templated":true}]}}